{"id":1176,"date":"2022-04-11T09:18:04","date_gmt":"2022-04-11T09:18:04","guid":{"rendered":"http:\/\/192.168.1.111\/?p=1176"},"modified":"2022-07-07T13:37:03","modified_gmt":"2022-07-07T13:37:03","slug":"barranco-del","status":"publish","type":"post","link":"https:\/\/adriansediles.es\/?p=1176","title":{"rendered":"BARRANCO DEL R\u00cdO MASC\u00daN &#8211; RODELLAR, HUESCA"},"content":{"rendered":"\t\t<div data-elementor-type=\"wp-post\" data-elementor-id=\"1176\" class=\"elementor elementor-1176\">\n\t\t\t\t\t\t<section class=\"elementor-section elementor-top-section elementor-element elementor-element-c782e13 elementor-section-boxed elementor-section-height-default elementor-section-height-default\" data-id=\"c782e13\" data-element_type=\"section\" data-e-type=\"section\">\n\t\t\t\t\t\t<div class=\"elementor-container elementor-column-gap-default\">\n\t\t\t\t\t<div class=\"elementor-column elementor-col-100 elementor-top-column elementor-element elementor-element-ce7bb43\" data-id=\"ce7bb43\" data-element_type=\"column\" data-e-type=\"column\">\n\t\t\t<div class=\"elementor-widget-wrap elementor-element-populated\">\n\t\t\t\t\t\t<div class=\"elementor-element elementor-element-19a2b22 elementor-widget elementor-widget-image\" data-id=\"19a2b22\" data-element_type=\"widget\" data-e-type=\"widget\" data-widget_type=\"image.default\">\n\t\t\t\t<div class=\"elementor-widget-container\">\n\t\t\t\t\t\t\t\t\t\t\t\t\t\t\t\t<a href=\"http:\/\/192.168.1.111\/wp-content\/uploads\/2022\/04\/Barranco-de-Mascun-en-Rodellar-Aragon.Espana-9-scaled.jpg\" data-elementor-open-lightbox=\"yes\" data-elementor-lightbox-title=\"Barranco de Masc\u00fan en Rodellar, Aragon.Espa\u00f1a (9)\" data-elementor-lightbox-description=\"Barranco del R\u00edo Masc\u00fan en el Rodellar, en la sierra  y ca\u00f1ones de Guara, Arag\u00f3n. Espa\u00f1a.\" data-e-action-hash=\"#elementor-action%3Aaction%3Dlightbox%26settings%3DeyJpZCI6MTE3NywidXJsIjoiaHR0cHM6XC9cL2FkcmlhbnNlZGlsZXMuZXNcL3dwLWNvbnRlbnRcL3VwbG9hZHNcLzIwMjJcLzA0XC9CYXJyYW5jby1kZS1NYXNjdW4tZW4tUm9kZWxsYXItQXJhZ29uLkVzcGFuYS05LXNjYWxlZC5qcGcifQ%3D%3D\">\n\t\t\t\t\t\t\t<img fetchpriority=\"high\" decoding=\"async\" width=\"2560\" height=\"1441\" src=\"https:\/\/adriansediles.es\/wp-content\/uploads\/2022\/04\/Barranco-de-Mascun-en-Rodellar-Aragon.Espana-9-scaled.jpg\" class=\"attachment-full size-full wp-image-1177\" alt=\"Barranco del R\u00edo Masc\u00fan en el Rodellar, en la sierra y ca\u00f1ones de Guara, Arag\u00f3n. Espa\u00f1a.\" srcset=\"https:\/\/adriansediles.es\/wp-content\/uploads\/2022\/04\/Barranco-de-Mascun-en-Rodellar-Aragon.Espana-9-scaled.jpg 2560w, https:\/\/adriansediles.es\/wp-content\/uploads\/2022\/04\/Barranco-de-Mascun-en-Rodellar-Aragon.Espana-9-300x169.jpg 300w, https:\/\/adriansediles.es\/wp-content\/uploads\/2022\/04\/Barranco-de-Mascun-en-Rodellar-Aragon.Espana-9-1024x576.jpg 1024w, https:\/\/adriansediles.es\/wp-content\/uploads\/2022\/04\/Barranco-de-Mascun-en-Rodellar-Aragon.Espana-9-768x432.jpg 768w, https:\/\/adriansediles.es\/wp-content\/uploads\/2022\/04\/Barranco-de-Mascun-en-Rodellar-Aragon.Espana-9-1536x864.jpg 1536w, https:\/\/adriansediles.es\/wp-content\/uploads\/2022\/04\/Barranco-de-Mascun-en-Rodellar-Aragon.Espana-9-2048x1152.jpg 2048w, https:\/\/adriansediles.es\/wp-content\/uploads\/2022\/04\/Barranco-de-Mascun-en-Rodellar-Aragon.Espana-9-990x556.jpg 990w, https:\/\/adriansediles.es\/wp-content\/uploads\/2022\/04\/Barranco-de-Mascun-en-Rodellar-Aragon.Espana-9-1920x1080.jpg 1920w\" sizes=\"(max-width: 2560px) 100vw, 2560px\" \/>\t\t\t\t\t\t\t\t<\/a>\n\t\t\t\t\t\t\t\t\t\t\t\t\t\t\t<\/div>\n\t\t\t\t<\/div>\n\t\t\t\t\t<\/div>\n\t\t<\/div>\n\t\t\t\t\t<\/div>\n\t\t<\/section>\n\t\t\t\t<\/div>\n\t\t","protected":false},"excerpt":{"rendered":"","protected":false},"author":1,"featured_media":1177,"comment_status":"closed","ping_status":"open","sticky":false,"template":"","format":"standard","meta":{"footnotes":""},"categories":[1],"tags":[],"class_list":["post-1176","post","type-post","status-publish","format-standard","has-post-thumbnail","hentry","category-uncategorized"],"_links":{"self":[{"href":"https:\/\/adriansediles.es\/index.php?rest_route=\/wp\/v2\/posts\/1176","targetHints":{"allow":["GET"]}}],"collection":[{"href":"https:\/\/adriansediles.es\/index.php?rest_route=\/wp\/v2\/posts"}],"about":[{"href":"https:\/\/adriansediles.es\/index.php?rest_route=\/wp\/v2\/types\/post"}],"author":[{"embeddable":true,"href":"https:\/\/adriansediles.es\/index.php?rest_route=\/wp\/v2\/users\/1"}],"replies":[{"embeddable":true,"href":"https:\/\/adriansediles.es\/index.php?rest_route=%2Fwp%2Fv2%2Fcomments&post=1176"}],"version-history":[{"count":4,"href":"https:\/\/adriansediles.es\/index.php?rest_route=\/wp\/v2\/posts\/1176\/revisions"}],"predecessor-version":[{"id":1181,"href":"https:\/\/adriansediles.es\/index.php?rest_route=\/wp\/v2\/posts\/1176\/revisions\/1181"}],"wp:featuredmedia":[{"embeddable":true,"href":"https:\/\/adriansediles.es\/index.php?rest_route=\/wp\/v2\/media\/1177"}],"wp:attachment":[{"href":"https:\/\/adriansediles.es\/index.php?rest_route=%2Fwp%2Fv2%2Fmedia&parent=1176"}],"wp:term":[{"taxonomy":"category","embeddable":true,"href":"https:\/\/adriansediles.es\/index.php?rest_route=%2Fwp%2Fv2%2Fcategories&post=1176"},{"taxonomy":"post_tag","embeddable":true,"href":"https:\/\/adriansediles.es\/index.php?rest_route=%2Fwp%2Fv2%2Ftags&post=1176"}],"curies":[{"name":"wp","href":"https:\/\/api.w.org\/{rel}","templated":true}]}}