{"id":1185,"date":"2022-05-06T18:13:37","date_gmt":"2022-05-06T18:13:37","guid":{"rendered":"http:\/\/192.168.1.111\/?p=1185"},"modified":"2022-07-07T13:37:03","modified_gmt":"2022-07-07T13:37:03","slug":"elementor-1185","status":"publish","type":"post","link":"https:\/\/adriansediles.es\/?p=1185","title":{"rendered":"BAS\u00cdLICA DE NUESTRA SE\u00d1ORA DEL PILAR &#8211; ZARAGOZA"},"content":{"rendered":"\t\t<div data-elementor-type=\"wp-post\" data-elementor-id=\"1185\" class=\"elementor elementor-1185\">\n\t\t\t\t\t\t<section class=\"elementor-section elementor-top-section elementor-element elementor-element-34538d5 elementor-section-boxed elementor-section-height-default elementor-section-height-default\" data-id=\"34538d5\" data-element_type=\"section\" data-e-type=\"section\">\n\t\t\t\t\t\t<div class=\"elementor-container elementor-column-gap-default\">\n\t\t\t\t\t<div class=\"elementor-column elementor-col-100 elementor-top-column elementor-element elementor-element-e753836\" data-id=\"e753836\" data-element_type=\"column\" data-e-type=\"column\">\n\t\t\t<div class=\"elementor-widget-wrap elementor-element-populated\">\n\t\t\t\t\t\t<div class=\"elementor-element elementor-element-61ec241 elementor-widget elementor-widget-image\" data-id=\"61ec241\" data-element_type=\"widget\" data-e-type=\"widget\" data-widget_type=\"image.default\">\n\t\t\t\t<div class=\"elementor-widget-container\">\n\t\t\t\t\t\t\t\t\t\t\t\t\t\t\t\t<a href=\"http:\/\/192.168.1.111\/wp-content\/uploads\/2022\/05\/SINR0046-scaled.jpg\" data-elementor-open-lightbox=\"yes\" data-elementor-lightbox-title=\"Vistas de la Bas\u00edlica de Nuestra Se\u00f1ora del Pilar en Zaragoza, junto al R\u00edo Ebro, Arag\u00f3n, Espa\u00f1a - Adrian Sediles Embi\" data-elementor-lightbox-description=\"Vistas de la Bas\u00edlica de Nuestra Se\u00f1ora del Pilar en Zaragoza, junto al R\u00edo Ebro, Arag\u00f3n, Espa\u00f1a - Adrian Sediles Embi\" data-e-action-hash=\"#elementor-action%3Aaction%3Dlightbox%26settings%3DeyJpZCI6MTE4NywidXJsIjoiaHR0cHM6XC9cL2FkcmlhbnNlZGlsZXMuZXNcL3dwLWNvbnRlbnRcL3VwbG9hZHNcLzIwMjJcLzA1XC9TSU5SMDA0Ni1zY2FsZWQuanBnIn0%3D\">\n\t\t\t\t\t\t\t<img fetchpriority=\"high\" decoding=\"async\" width=\"2560\" height=\"1920\" src=\"https:\/\/adriansediles.es\/wp-content\/uploads\/2022\/05\/SINR0046-scaled.jpg\" class=\"attachment-full size-full wp-image-1187\" alt=\"Vistas de la Bas\u00edlica de Nuestra Se\u00f1ora del Pilar en Zaragoza, junto al R\u00edo Ebro, Arag\u00f3n, Espa\u00f1a - Adrian Sediles Embi\" srcset=\"https:\/\/adriansediles.es\/wp-content\/uploads\/2022\/05\/SINR0046-scaled.jpg 2560w, https:\/\/adriansediles.es\/wp-content\/uploads\/2022\/05\/SINR0046-300x225.jpg 300w, https:\/\/adriansediles.es\/wp-content\/uploads\/2022\/05\/SINR0046-1024x768.jpg 1024w, https:\/\/adriansediles.es\/wp-content\/uploads\/2022\/05\/SINR0046-768x576.jpg 768w, https:\/\/adriansediles.es\/wp-content\/uploads\/2022\/05\/SINR0046-1536x1152.jpg 1536w, https:\/\/adriansediles.es\/wp-content\/uploads\/2022\/05\/SINR0046-2048x1536.jpg 2048w, https:\/\/adriansediles.es\/wp-content\/uploads\/2022\/05\/SINR0046-755x566.jpg 755w\" sizes=\"(max-width: 2560px) 100vw, 2560px\" \/>\t\t\t\t\t\t\t\t<\/a>\n\t\t\t\t\t\t\t\t\t\t\t\t\t\t\t<\/div>\n\t\t\t\t<\/div>\n\t\t\t\t\t<\/div>\n\t\t<\/div>\n\t\t\t\t\t<\/div>\n\t\t<\/section>\n\t\t\t\t<\/div>\n\t\t","protected":false},"excerpt":{"rendered":"","protected":false},"author":1,"featured_media":1187,"comment_status":"closed","ping_status":"open","sticky":false,"template":"","format":"standard","meta":{"footnotes":""},"categories":[1],"tags":[],"class_list":["post-1185","post","type-post","status-publish","format-standard","has-post-thumbnail","hentry","category-uncategorized"],"_links":{"self":[{"href":"https:\/\/adriansediles.es\/index.php?rest_route=\/wp\/v2\/posts\/1185","targetHints":{"allow":["GET"]}}],"collection":[{"href":"https:\/\/adriansediles.es\/index.php?rest_route=\/wp\/v2\/posts"}],"about":[{"href":"https:\/\/adriansediles.es\/index.php?rest_route=\/wp\/v2\/types\/post"}],"author":[{"embeddable":true,"href":"https:\/\/adriansediles.es\/index.php?rest_route=\/wp\/v2\/users\/1"}],"replies":[{"embeddable":true,"href":"https:\/\/adriansediles.es\/index.php?rest_route=%2Fwp%2Fv2%2Fcomments&post=1185"}],"version-history":[{"count":5,"href":"https:\/\/adriansediles.es\/index.php?rest_route=\/wp\/v2\/posts\/1185\/revisions"}],"predecessor-version":[{"id":1191,"href":"https:\/\/adriansediles.es\/index.php?rest_route=\/wp\/v2\/posts\/1185\/revisions\/1191"}],"wp:featuredmedia":[{"embeddable":true,"href":"https:\/\/adriansediles.es\/index.php?rest_route=\/wp\/v2\/media\/1187"}],"wp:attachment":[{"href":"https:\/\/adriansediles.es\/index.php?rest_route=%2Fwp%2Fv2%2Fmedia&parent=1185"}],"wp:term":[{"taxonomy":"category","embeddable":true,"href":"https:\/\/adriansediles.es\/index.php?rest_route=%2Fwp%2Fv2%2Fcategories&post=1185"},{"taxonomy":"post_tag","embeddable":true,"href":"https:\/\/adriansediles.es\/index.php?rest_route=%2Fwp%2Fv2%2Ftags&post=1185"}],"curies":[{"name":"wp","href":"https:\/\/api.w.org\/{rel}","templated":true}]}}