{"id":1243,"date":"2022-06-17T07:04:37","date_gmt":"2022-06-17T07:04:37","guid":{"rendered":"http:\/\/192.168.1.111\/?p=1243"},"modified":"2022-07-07T13:37:02","modified_gmt":"2022-07-07T13:37:02","slug":"elementor-1243","status":"publish","type":"post","link":"https:\/\/adriansediles.es\/?p=1243","title":{"rendered":"CALA MACARELLA &#8211; MENORCA"},"content":{"rendered":"\t\t<div data-elementor-type=\"wp-post\" data-elementor-id=\"1243\" class=\"elementor elementor-1243\">\n\t\t\t\t\t\t<section class=\"elementor-section elementor-top-section elementor-element elementor-element-a5a75a1 elementor-section-boxed elementor-section-height-default elementor-section-height-default\" data-id=\"a5a75a1\" data-element_type=\"section\" data-e-type=\"section\">\n\t\t\t\t\t\t<div class=\"elementor-container elementor-column-gap-default\">\n\t\t\t\t\t<div class=\"elementor-column elementor-col-100 elementor-top-column elementor-element elementor-element-02c8808\" data-id=\"02c8808\" data-element_type=\"column\" data-e-type=\"column\">\n\t\t\t<div class=\"elementor-widget-wrap elementor-element-populated\">\n\t\t\t\t\t\t<div class=\"elementor-element elementor-element-e285968 elementor-widget elementor-widget-image\" data-id=\"e285968\" data-element_type=\"widget\" data-e-type=\"widget\" data-widget_type=\"image.default\">\n\t\t\t\t<div class=\"elementor-widget-container\">\n\t\t\t\t\t\t\t\t\t\t\t\t<figure class=\"wp-caption\">\n\t\t\t\t\t\t\t\t\t\t\t<a href=\"http:\/\/192.168.1.111\/wp-content\/uploads\/2022\/06\/DJI_0042-scaled.jpg\" data-elementor-open-lightbox=\"yes\" data-elementor-lightbox-title=\"Vista a\u00e9rea en dron de la Cala Macarella, en Menorca, Islas Baleares, un para\u00edso de aguas azul turquesa, grandes acantilados y playas blancas.. - Adri\u00e1n Sediles Embi\" data-elementor-lightbox-description=\"Vista a\u00e9rea en dron de la Cala Macarella, en Menorca, Islas Baleares, un para\u00edso de aguas azul turquesa, grandes acantilados y playas blancas.\" data-e-action-hash=\"#elementor-action%3Aaction%3Dlightbox%26settings%3DeyJpZCI6MTI0NiwidXJsIjoiaHR0cHM6XC9cL2FkcmlhbnNlZGlsZXMuZXNcL3dwLWNvbnRlbnRcL3VwbG9hZHNcLzIwMjJcLzA2XC9ESklfMDA0Mi1zY2FsZWQuanBnIn0%3D\">\n\t\t\t\t\t\t\t<img fetchpriority=\"high\" decoding=\"async\" width=\"2560\" height=\"1920\" src=\"https:\/\/adriansediles.es\/wp-content\/uploads\/2022\/06\/DJI_0042-scaled.jpg\" class=\"attachment-full size-full wp-image-1246\" alt=\"Vista a\u00e9rea en dron de la Cala Macarella, en Menorca, Islas Baleares, un para\u00edso de aguas azul turquesa, grandes acantilados y playas blancas.\" srcset=\"https:\/\/adriansediles.es\/wp-content\/uploads\/2022\/06\/DJI_0042-scaled.jpg 2560w, https:\/\/adriansediles.es\/wp-content\/uploads\/2022\/06\/DJI_0042-300x225.jpg 300w, https:\/\/adriansediles.es\/wp-content\/uploads\/2022\/06\/DJI_0042-1024x768.jpg 1024w, https:\/\/adriansediles.es\/wp-content\/uploads\/2022\/06\/DJI_0042-768x576.jpg 768w, https:\/\/adriansediles.es\/wp-content\/uploads\/2022\/06\/DJI_0042-1536x1152.jpg 1536w, https:\/\/adriansediles.es\/wp-content\/uploads\/2022\/06\/DJI_0042-2048x1536.jpg 2048w, https:\/\/adriansediles.es\/wp-content\/uploads\/2022\/06\/DJI_0042-755x566.jpg 755w\" sizes=\"(max-width: 2560px) 100vw, 2560px\" \/>\t\t\t\t\t\t\t\t<\/a>\n\t\t\t\t\t\t\t\t\t\t\t<figcaption class=\"widget-image-caption wp-caption-text\">Vista a\u00e9rea en dron de la Cala Macarella, en Menorca, Islas Baleares, un para\u00edso de aguas azul turquesa, grandes acantilados y playas blancas.<\/figcaption>\n\t\t\t\t\t\t\t\t\t\t<\/figure>\n\t\t\t\t\t\t\t\t\t<\/div>\n\t\t\t\t<\/div>\n\t\t\t\t\t<\/div>\n\t\t<\/div>\n\t\t\t\t\t<\/div>\n\t\t<\/section>\n\t\t\t\t<\/div>\n\t\t","protected":false},"excerpt":{"rendered":"<p>Vista a\u00e9rea en dron de la Cala Macarella, en Menorca, Islas Baleares, un para\u00edso de aguas azul turquesa, grandes acantilados &hellip; <a href=\"https:\/\/adriansediles.es\/?p=1243\" class=\"more-link\"><span class=\"more-button\">Seguir leyendo<span class=\"screen-reader-text\">CALA MACARELLA &#8211; MENORCA<\/span><\/span><\/a><\/p>\n","protected":false},"author":1,"featured_media":1246,"comment_status":"closed","ping_status":"open","sticky":false,"template":"","format":"standard","meta":{"footnotes":""},"categories":[1],"tags":[],"class_list":["post-1243","post","type-post","status-publish","format-standard","has-post-thumbnail","hentry","category-uncategorized"],"_links":{"self":[{"href":"https:\/\/adriansediles.es\/index.php?rest_route=\/wp\/v2\/posts\/1243","targetHints":{"allow":["GET"]}}],"collection":[{"href":"https:\/\/adriansediles.es\/index.php?rest_route=\/wp\/v2\/posts"}],"about":[{"href":"https:\/\/adriansediles.es\/index.php?rest_route=\/wp\/v2\/types\/post"}],"author":[{"embeddable":true,"href":"https:\/\/adriansediles.es\/index.php?rest_route=\/wp\/v2\/users\/1"}],"replies":[{"embeddable":true,"href":"https:\/\/adriansediles.es\/index.php?rest_route=%2Fwp%2Fv2%2Fcomments&post=1243"}],"version-history":[{"count":5,"href":"https:\/\/adriansediles.es\/index.php?rest_route=\/wp\/v2\/posts\/1243\/revisions"}],"predecessor-version":[{"id":1250,"href":"https:\/\/adriansediles.es\/index.php?rest_route=\/wp\/v2\/posts\/1243\/revisions\/1250"}],"wp:featuredmedia":[{"embeddable":true,"href":"https:\/\/adriansediles.es\/index.php?rest_route=\/wp\/v2\/media\/1246"}],"wp:attachment":[{"href":"https:\/\/adriansediles.es\/index.php?rest_route=%2Fwp%2Fv2%2Fmedia&parent=1243"}],"wp:term":[{"taxonomy":"category","embeddable":true,"href":"https:\/\/adriansediles.es\/index.php?rest_route=%2Fwp%2Fv2%2Fcategories&post=1243"},{"taxonomy":"post_tag","embeddable":true,"href":"https:\/\/adriansediles.es\/index.php?rest_route=%2Fwp%2Fv2%2Ftags&post=1243"}],"curies":[{"name":"wp","href":"https:\/\/api.w.org\/{rel}","templated":true}]}}