{"id":1347,"date":"2022-10-25T08:38:44","date_gmt":"2022-10-25T08:38:44","guid":{"rendered":"http:\/\/192.168.1.111\/?p=1347"},"modified":"2024-10-17T07:22:29","modified_gmt":"2024-10-17T07:22:29","slug":"cueva-de-los-pilares","status":"publish","type":"post","link":"https:\/\/adriansediles.es\/?p=1347","title":{"rendered":"CUEVA DE LOS PILARES &#8211; A\u00d1ON DE MONCAYO"},"content":{"rendered":"\t\t<div data-elementor-type=\"wp-post\" data-elementor-id=\"1347\" class=\"elementor elementor-1347\">\n\t\t\t\t\t\t<section class=\"elementor-section elementor-top-section elementor-element elementor-element-ce9252e elementor-section-boxed elementor-section-height-default elementor-section-height-default\" data-id=\"ce9252e\" data-element_type=\"section\" data-e-type=\"section\">\n\t\t\t\t\t\t<div class=\"elementor-container elementor-column-gap-default\">\n\t\t\t\t\t<div class=\"elementor-column elementor-col-100 elementor-top-column elementor-element elementor-element-9204b85\" data-id=\"9204b85\" data-element_type=\"column\" data-e-type=\"column\">\n\t\t\t<div class=\"elementor-widget-wrap elementor-element-populated\">\n\t\t\t\t\t\t<div class=\"elementor-element elementor-element-2474488 elementor-widget elementor-widget-image\" data-id=\"2474488\" data-element_type=\"widget\" data-e-type=\"widget\" data-widget_type=\"image.default\">\n\t\t\t\t<div class=\"elementor-widget-container\">\n\t\t\t\t\t\t\t\t\t\t\t\t<figure class=\"wp-caption\">\n\t\t\t\t\t\t\t\t\t\t\t<a href=\"http:\/\/192.168.1.111\/wp-content\/uploads\/2022\/10\/SINR0138-scaled.jpg\" data-elementor-open-lightbox=\"yes\" data-elementor-lightbox-title=\"Cueva de los Pilares en A\u00f1on de Moncayo\" data-elementor-lightbox-description=\"Fotografia desde la Cueva de los Pilares, junto A\u00f1on del Moncayo y Alcala de Moncayo.\" data-e-action-hash=\"#elementor-action%3Aaction%3Dlightbox%26settings%3DeyJpZCI6MTM0OCwidXJsIjoiaHR0cHM6XC9cL2FkcmlhbnNlZGlsZXMuZXNcL3dwLWNvbnRlbnRcL3VwbG9hZHNcLzIwMjJcLzEwXC9TSU5SMDEzOC1zY2FsZWQuanBnIn0%3D\">\n\t\t\t\t\t\t\t<img fetchpriority=\"high\" decoding=\"async\" width=\"2560\" height=\"1920\" src=\"https:\/\/adriansediles.es\/wp-content\/uploads\/2022\/10\/SINR0138-scaled.jpg\" class=\"attachment-full size-full wp-image-1348\" alt=\"Cueva de los Pilares en A\u00f1on de Moncayo\" srcset=\"https:\/\/adriansediles.es\/wp-content\/uploads\/2022\/10\/SINR0138-scaled.jpg 2560w, https:\/\/adriansediles.es\/wp-content\/uploads\/2022\/10\/SINR0138-300x225.jpg 300w, https:\/\/adriansediles.es\/wp-content\/uploads\/2022\/10\/SINR0138-1024x768.jpg 1024w, https:\/\/adriansediles.es\/wp-content\/uploads\/2022\/10\/SINR0138-768x576.jpg 768w, https:\/\/adriansediles.es\/wp-content\/uploads\/2022\/10\/SINR0138-1536x1152.jpg 1536w, https:\/\/adriansediles.es\/wp-content\/uploads\/2022\/10\/SINR0138-2048x1536.jpg 2048w, https:\/\/adriansediles.es\/wp-content\/uploads\/2022\/10\/SINR0138-755x566.jpg 755w\" sizes=\"(max-width: 2560px) 100vw, 2560px\" \/>\t\t\t\t\t\t\t\t<\/a>\n\t\t\t\t\t\t\t\t\t\t\t<figcaption class=\"widget-image-caption wp-caption-text\">Fotografia desde la Cueva de los Pilares, junto A\u00f1\u00f3n del Moncayo y Alcal\u00e1 de Moncayo.<\/figcaption>\n\t\t\t\t\t\t\t\t\t\t<\/figure>\n\t\t\t\t\t\t\t\t\t<\/div>\n\t\t\t\t<\/div>\n\t\t\t\t\t<\/div>\n\t\t<\/div>\n\t\t\t\t\t<\/div>\n\t\t<\/section>\n\t\t\t\t<\/div>\n\t\t","protected":false},"excerpt":{"rendered":"<p>Fotografia desde la Cueva de los Pilares, junto A\u00f1on del Moncayo y Alcala de Moncayo.<\/p>\n","protected":false},"author":1,"featured_media":1348,"comment_status":"open","ping_status":"open","sticky":false,"template":"","format":"standard","meta":{"footnotes":""},"categories":[1],"tags":[53,55,54],"class_list":["post-1347","post","type-post","status-publish","format-standard","has-post-thumbnail","hentry","category-uncategorized","tag-53","tag-cueva","tag-moncayo"],"_links":{"self":[{"href":"https:\/\/adriansediles.es\/index.php?rest_route=\/wp\/v2\/posts\/1347","targetHints":{"allow":["GET"]}}],"collection":[{"href":"https:\/\/adriansediles.es\/index.php?rest_route=\/wp\/v2\/posts"}],"about":[{"href":"https:\/\/adriansediles.es\/index.php?rest_route=\/wp\/v2\/types\/post"}],"author":[{"embeddable":true,"href":"https:\/\/adriansediles.es\/index.php?rest_route=\/wp\/v2\/users\/1"}],"replies":[{"embeddable":true,"href":"https:\/\/adriansediles.es\/index.php?rest_route=%2Fwp%2Fv2%2Fcomments&post=1347"}],"version-history":[{"count":4,"href":"https:\/\/adriansediles.es\/index.php?rest_route=\/wp\/v2\/posts\/1347\/revisions"}],"predecessor-version":[{"id":1352,"href":"https:\/\/adriansediles.es\/index.php?rest_route=\/wp\/v2\/posts\/1347\/revisions\/1352"}],"wp:featuredmedia":[{"embeddable":true,"href":"https:\/\/adriansediles.es\/index.php?rest_route=\/wp\/v2\/media\/1348"}],"wp:attachment":[{"href":"https:\/\/adriansediles.es\/index.php?rest_route=%2Fwp%2Fv2%2Fmedia&parent=1347"}],"wp:term":[{"taxonomy":"category","embeddable":true,"href":"https:\/\/adriansediles.es\/index.php?rest_route=%2Fwp%2Fv2%2Fcategories&post=1347"},{"taxonomy":"post_tag","embeddable":true,"href":"https:\/\/adriansediles.es\/index.php?rest_route=%2Fwp%2Fv2%2Ftags&post=1347"}],"curies":[{"name":"wp","href":"https:\/\/api.w.org\/{rel}","templated":true}]}}