{"id":1359,"date":"2022-11-22T11:00:40","date_gmt":"2022-11-22T11:00:40","guid":{"rendered":"http:\/\/192.168.1.111\/?p=1359"},"modified":"2024-10-17T07:22:16","modified_gmt":"2024-10-17T07:22:16","slug":"otono-en-el-canon-de-anisclo-ordesa","status":"publish","type":"post","link":"https:\/\/adriansediles.es\/?p=1359","title":{"rendered":"OTO\u00d1O EN EL CA\u00d1ON DE A\u00d1ISCLO &#8211; ORDESA"},"content":{"rendered":"\t\t<div data-elementor-type=\"wp-post\" data-elementor-id=\"1359\" class=\"elementor elementor-1359\">\n\t\t\t\t\t\t<section class=\"elementor-section elementor-top-section elementor-element elementor-element-5670bfd elementor-section-boxed elementor-section-height-default elementor-section-height-default\" data-id=\"5670bfd\" data-element_type=\"section\" data-e-type=\"section\">\n\t\t\t\t\t\t<div class=\"elementor-container elementor-column-gap-default\">\n\t\t\t\t\t<div class=\"elementor-column elementor-col-100 elementor-top-column elementor-element elementor-element-6ebd212\" data-id=\"6ebd212\" data-element_type=\"column\" data-e-type=\"column\">\n\t\t\t<div class=\"elementor-widget-wrap elementor-element-populated\">\n\t\t\t\t\t\t<div class=\"elementor-element elementor-element-c989ed3 elementor-widget elementor-widget-image\" data-id=\"c989ed3\" data-element_type=\"widget\" data-e-type=\"widget\" data-widget_type=\"image.default\">\n\t\t\t\t<div class=\"elementor-widget-container\">\n\t\t\t\t\t\t\t\t\t\t\t\t<figure class=\"wp-caption\">\n\t\t\t\t\t\t\t\t\t\t\t<a href=\"http:\/\/192.168.1.111\/wp-content\/uploads\/2022\/11\/DSC6507-scaled.jpg\" data-elementor-open-lightbox=\"yes\" data-elementor-lightbox-title=\"Oto\u00f1o en el Ca\u00f3n de A\u00f1isclo en el Parque Nacional de Ordesa y Monte Perdido en los Pirineos de Arag\u00f3n.\" data-elementor-lightbox-description=\"Oto\u00f1o en el Ca\u00f3n de A\u00f1isclo en el Parque Nacional de Ordesa y Monte Perdido en los Pirineos de Arag\u00f3n.\" data-e-action-hash=\"#elementor-action%3Aaction%3Dlightbox%26settings%3DeyJpZCI6MTM2MSwidXJsIjoiaHR0cHM6XC9cL2FkcmlhbnNlZGlsZXMuZXNcL3dwLWNvbnRlbnRcL3VwbG9hZHNcLzIwMjJcLzExXC9EU0M2NTA3LXNjYWxlZC5qcGcifQ%3D%3D\">\n\t\t\t\t\t\t\t<img fetchpriority=\"high\" decoding=\"async\" width=\"2560\" height=\"1440\" src=\"https:\/\/adriansediles.es\/wp-content\/uploads\/2022\/11\/DSC6507-scaled.jpg\" class=\"attachment-full size-full wp-image-1361\" alt=\"Oto\u00f1o en el Ca\u00f3n de A\u00f1isclo en el Parque Nacional de Ordesa y Monte Perdido en los Pirineos de Arag\u00f3n.\" srcset=\"https:\/\/adriansediles.es\/wp-content\/uploads\/2022\/11\/DSC6507-scaled.jpg 2560w, https:\/\/adriansediles.es\/wp-content\/uploads\/2022\/11\/DSC6507-300x169.jpg 300w, https:\/\/adriansediles.es\/wp-content\/uploads\/2022\/11\/DSC6507-1024x576.jpg 1024w, https:\/\/adriansediles.es\/wp-content\/uploads\/2022\/11\/DSC6507-768x432.jpg 768w, https:\/\/adriansediles.es\/wp-content\/uploads\/2022\/11\/DSC6507-1536x864.jpg 1536w, https:\/\/adriansediles.es\/wp-content\/uploads\/2022\/11\/DSC6507-2048x1152.jpg 2048w, https:\/\/adriansediles.es\/wp-content\/uploads\/2022\/11\/DSC6507-990x556.jpg 990w, https:\/\/adriansediles.es\/wp-content\/uploads\/2022\/11\/DSC6507-1920x1080.jpg 1920w\" sizes=\"(max-width: 2560px) 100vw, 2560px\" \/>\t\t\t\t\t\t\t\t<\/a>\n\t\t\t\t\t\t\t\t\t\t\t<figcaption class=\"widget-image-caption wp-caption-text\">Oto\u00f1o en el Ca\u00f3n de A\u00f1isclo en el Parque Nacional de Ordesa y Monte Perdido en los Pirineos de Arag\u00f3n.<\/figcaption>\n\t\t\t\t\t\t\t\t\t\t<\/figure>\n\t\t\t\t\t\t\t\t\t<\/div>\n\t\t\t\t<\/div>\n\t\t\t\t\t<\/div>\n\t\t<\/div>\n\t\t\t\t\t<\/div>\n\t\t<\/section>\n\t\t\t\t<\/div>\n\t\t","protected":false},"excerpt":{"rendered":"<p>Oto\u00f1o en el Ca\u00f3n de A\u00f1isclo en el Parque Nacional de Ordesa y Monte Perdido en los Pirineos de Arag\u00f3n.<\/p>\n","protected":false},"author":1,"featured_media":1361,"comment_status":"open","ping_status":"open","sticky":false,"template":"","format":"standard","meta":{"footnotes":""},"categories":[1],"tags":[53,51,52,35],"class_list":["post-1359","post","type-post","status-publish","format-standard","has-post-thumbnail","hentry","category-uncategorized","tag-53","tag-canon-de-anisclo","tag-ordesa","tag-otono"],"_links":{"self":[{"href":"https:\/\/adriansediles.es\/index.php?rest_route=\/wp\/v2\/posts\/1359","targetHints":{"allow":["GET"]}}],"collection":[{"href":"https:\/\/adriansediles.es\/index.php?rest_route=\/wp\/v2\/posts"}],"about":[{"href":"https:\/\/adriansediles.es\/index.php?rest_route=\/wp\/v2\/types\/post"}],"author":[{"embeddable":true,"href":"https:\/\/adriansediles.es\/index.php?rest_route=\/wp\/v2\/users\/1"}],"replies":[{"embeddable":true,"href":"https:\/\/adriansediles.es\/index.php?rest_route=%2Fwp%2Fv2%2Fcomments&post=1359"}],"version-history":[{"count":5,"href":"https:\/\/adriansediles.es\/index.php?rest_route=\/wp\/v2\/posts\/1359\/revisions"}],"predecessor-version":[{"id":1365,"href":"https:\/\/adriansediles.es\/index.php?rest_route=\/wp\/v2\/posts\/1359\/revisions\/1365"}],"wp:featuredmedia":[{"embeddable":true,"href":"https:\/\/adriansediles.es\/index.php?rest_route=\/wp\/v2\/media\/1361"}],"wp:attachment":[{"href":"https:\/\/adriansediles.es\/index.php?rest_route=%2Fwp%2Fv2%2Fmedia&parent=1359"}],"wp:term":[{"taxonomy":"category","embeddable":true,"href":"https:\/\/adriansediles.es\/index.php?rest_route=%2Fwp%2Fv2%2Fcategories&post=1359"},{"taxonomy":"post_tag","embeddable":true,"href":"https:\/\/adriansediles.es\/index.php?rest_route=%2Fwp%2Fv2%2Ftags&post=1359"}],"curies":[{"name":"wp","href":"https:\/\/api.w.org\/{rel}","templated":true}]}}