{"id":1509,"date":"2023-11-03T12:09:28","date_gmt":"2023-11-03T12:09:28","guid":{"rendered":"https:\/\/adriansediles.es\/?p=1509"},"modified":"2024-10-17T07:20:26","modified_gmt":"2024-10-17T07:20:26","slug":"ibon-de-acherito","status":"publish","type":"post","link":"https:\/\/adriansediles.es\/?p=1509","title":{"rendered":"IBON DE ACHERITO &#8211; VALLE DE HECHO"},"content":{"rendered":"\t\t<div data-elementor-type=\"wp-post\" data-elementor-id=\"1509\" class=\"elementor elementor-1509\">\n\t\t\t\t\t\t<section class=\"elementor-section elementor-top-section elementor-element elementor-element-25e34f6 elementor-section-boxed elementor-section-height-default elementor-section-height-default\" data-id=\"25e34f6\" data-element_type=\"section\" data-e-type=\"section\">\n\t\t\t\t\t\t<div class=\"elementor-container elementor-column-gap-default\">\n\t\t\t\t\t<div class=\"elementor-column elementor-col-100 elementor-top-column elementor-element elementor-element-88f5179\" data-id=\"88f5179\" data-element_type=\"column\" data-e-type=\"column\">\n\t\t\t<div class=\"elementor-widget-wrap elementor-element-populated\">\n\t\t\t\t\t\t<div class=\"elementor-element elementor-element-2fef981 elementor-widget elementor-widget-image\" data-id=\"2fef981\" data-element_type=\"widget\" data-e-type=\"widget\" data-widget_type=\"image.default\">\n\t\t\t\t<div class=\"elementor-widget-container\">\n\t\t\t\t\t\t\t\t\t\t\t\t<figure class=\"wp-caption\">\n\t\t\t\t\t\t\t\t\t\t\t<a href=\"http:\/\/192.168.1.111\/wp-content\/uploads\/2023\/11\/DJI_0903.jpg\" data-elementor-open-lightbox=\"yes\" data-elementor-lightbox-title=\"Ibon de Acherito en la selva de Oza\" data-elementor-lightbox-description=\"Ibon de Acherito en la selva de Oza\" data-e-action-hash=\"#elementor-action%3Aaction%3Dlightbox%26settings%3DeyJpZCI6MTUxMiwidXJsIjoiaHR0cHM6XC9cL2FkcmlhbnNlZGlsZXMuZXNcL3dwLWNvbnRlbnRcL3VwbG9hZHNcLzIwMjNcLzExXC9ESklfMDkwMy5qcGcifQ%3D%3D\">\n\t\t\t\t\t\t\t<img fetchpriority=\"high\" decoding=\"async\" width=\"5464\" height=\"3070\" src=\"https:\/\/adriansediles.es\/wp-content\/uploads\/2023\/11\/DJI_0903.jpg\" class=\"attachment-full size-full wp-image-1512\" alt=\"Ibon de Acherito en la selva de Oza, Huesca\" srcset=\"https:\/\/adriansediles.es\/wp-content\/uploads\/2023\/11\/DJI_0903.jpg 5464w, https:\/\/adriansediles.es\/wp-content\/uploads\/2023\/11\/DJI_0903-300x169.jpg 300w, https:\/\/adriansediles.es\/wp-content\/uploads\/2023\/11\/DJI_0903-1024x575.jpg 1024w, https:\/\/adriansediles.es\/wp-content\/uploads\/2023\/11\/DJI_0903-768x432.jpg 768w, https:\/\/adriansediles.es\/wp-content\/uploads\/2023\/11\/DJI_0903-1536x863.jpg 1536w, https:\/\/adriansediles.es\/wp-content\/uploads\/2023\/11\/DJI_0903-2048x1151.jpg 2048w, https:\/\/adriansediles.es\/wp-content\/uploads\/2023\/11\/DJI_0903-990x556.jpg 990w, https:\/\/adriansediles.es\/wp-content\/uploads\/2023\/11\/DJI_0903-1920x1080.jpg 1920w\" sizes=\"(max-width: 5464px) 100vw, 5464px\" \/>\t\t\t\t\t\t\t\t<\/a>\n\t\t\t\t\t\t\t\t\t\t\t<figcaption class=\"widget-image-caption wp-caption-text\">Fotograf\u00eda a\u00e9rea tomada con un dron sobre el ib\u00f3n de Acherito en los Pirineos, junto a la Selva de Oza, Huesca.<\/figcaption>\n\t\t\t\t\t\t\t\t\t\t<\/figure>\n\t\t\t\t\t\t\t\t\t<\/div>\n\t\t\t\t<\/div>\n\t\t\t\t\t<\/div>\n\t\t<\/div>\n\t\t\t\t\t<\/div>\n\t\t<\/section>\n\t\t\t\t<\/div>\n\t\t","protected":false},"excerpt":{"rendered":"<p>Fotograf\u00eda a\u00e9rea tomada con un dron sobre el ib\u00f3n de Acherito en los Pirineos, junto a la Selva de Oza, &hellip; <a href=\"https:\/\/adriansediles.es\/?p=1509\" class=\"more-link\"><span class=\"more-button\">Seguir leyendo<span class=\"screen-reader-text\">IBON DE ACHERITO &#8211; VALLE DE HECHO<\/span><\/span><\/a><\/p>\n","protected":false},"author":1,"featured_media":1512,"comment_status":"open","ping_status":"open","sticky":false,"template":"","format":"standard","meta":{"footnotes":""},"categories":[1],"tags":[29,39,16,20],"class_list":["post-1509","post","type-post","status-publish","format-standard","has-post-thumbnail","hentry","category-uncategorized","tag-29","tag-acherito","tag-pirineo","tag-valles-occidentales"],"_links":{"self":[{"href":"https:\/\/adriansediles.es\/index.php?rest_route=\/wp\/v2\/posts\/1509","targetHints":{"allow":["GET"]}}],"collection":[{"href":"https:\/\/adriansediles.es\/index.php?rest_route=\/wp\/v2\/posts"}],"about":[{"href":"https:\/\/adriansediles.es\/index.php?rest_route=\/wp\/v2\/types\/post"}],"author":[{"embeddable":true,"href":"https:\/\/adriansediles.es\/index.php?rest_route=\/wp\/v2\/users\/1"}],"replies":[{"embeddable":true,"href":"https:\/\/adriansediles.es\/index.php?rest_route=%2Fwp%2Fv2%2Fcomments&post=1509"}],"version-history":[{"count":5,"href":"https:\/\/adriansediles.es\/index.php?rest_route=\/wp\/v2\/posts\/1509\/revisions"}],"predecessor-version":[{"id":1636,"href":"https:\/\/adriansediles.es\/index.php?rest_route=\/wp\/v2\/posts\/1509\/revisions\/1636"}],"wp:featuredmedia":[{"embeddable":true,"href":"https:\/\/adriansediles.es\/index.php?rest_route=\/wp\/v2\/media\/1512"}],"wp:attachment":[{"href":"https:\/\/adriansediles.es\/index.php?rest_route=%2Fwp%2Fv2%2Fmedia&parent=1509"}],"wp:term":[{"taxonomy":"category","embeddable":true,"href":"https:\/\/adriansediles.es\/index.php?rest_route=%2Fwp%2Fv2%2Fcategories&post=1509"},{"taxonomy":"post_tag","embeddable":true,"href":"https:\/\/adriansediles.es\/index.php?rest_route=%2Fwp%2Fv2%2Ftags&post=1509"}],"curies":[{"name":"wp","href":"https:\/\/api.w.org\/{rel}","templated":true}]}}