{"id":346,"date":"2020-03-04T14:29:27","date_gmt":"2020-03-04T14:29:27","guid":{"rendered":"http:\/\/192.168.1.111\/?p=346"},"modified":"2022-07-07T13:37:19","modified_gmt":"2022-07-07T13:37:19","slug":"zaragoza-blue-hour","status":"publish","type":"post","link":"https:\/\/adriansediles.es\/?p=346","title":{"rendered":"ZARAGOZA BLUE HOUR"},"content":{"rendered":"\t\t<div data-elementor-type=\"wp-post\" data-elementor-id=\"346\" class=\"elementor elementor-346\">\n\t\t\t\t\t\t<section class=\"elementor-section elementor-top-section elementor-element elementor-element-2086573 elementor-section-boxed elementor-section-height-default elementor-section-height-default\" data-id=\"2086573\" data-element_type=\"section\" data-e-type=\"section\">\n\t\t\t\t\t\t<div class=\"elementor-container elementor-column-gap-default\">\n\t\t\t\t\t<div class=\"elementor-column elementor-col-100 elementor-top-column elementor-element elementor-element-6db7ade\" data-id=\"6db7ade\" data-element_type=\"column\" data-e-type=\"column\">\n\t\t\t<div class=\"elementor-widget-wrap elementor-element-populated\">\n\t\t\t\t\t\t<div class=\"elementor-element elementor-element-bb0429e elementor-widget elementor-widget-image\" data-id=\"bb0429e\" data-element_type=\"widget\" data-e-type=\"widget\" data-widget_type=\"image.default\">\n\t\t\t\t<div class=\"elementor-widget-container\">\n\t\t\t\t\t\t\t\t\t\t\t\t\t\t\t\t<a href=\"http:\/\/192.168.1.111\/wp-content\/uploads\/2020\/03\/view-of-Basilica-of-Our-Lady-of-the-Pillar-in-evening.-Zaragoza-Spain-Adrian-Sediles-Embi-scaled.jpg\" data-elementor-open-lightbox=\"yes\" data-elementor-lightbox-title=\"Vista de la Bas\u00edlica de Nuestra Se\u00f1ora del Pilar en la noche. Zaragoza\" data-elementor-lightbox-description=\"Fotograf\u00eda tomada durante la noche en Zaragoza, frente a la Bas\u00edlica del Pilar, el puente de Piedra y el r\u00edo Ebro, tomada por la fotograf\u00eda Adri\u00e1n Sediles Embi.\n\" data-e-action-hash=\"#elementor-action%3Aaction%3Dlightbox%26settings%3DeyJpZCI6MzQ5LCJ1cmwiOiJodHRwczpcL1wvYWRyaWFuc2VkaWxlcy5lc1wvd3AtY29udGVudFwvdXBsb2Fkc1wvMjAyMFwvMDNcL3ZpZXctb2YtQmFzaWxpY2Etb2YtT3VyLUxhZHktb2YtdGhlLVBpbGxhci1pbi1ldmVuaW5nLi1aYXJhZ296YS1TcGFpbi1BZHJpYW4tU2VkaWxlcy1FbWJpLXNjYWxlZC5qcGcifQ%3D%3D\">\n\t\t\t\t\t\t\t<img fetchpriority=\"high\" decoding=\"async\" width=\"768\" height=\"576\" src=\"https:\/\/adriansediles.es\/wp-content\/uploads\/2020\/03\/view-of-Basilica-of-Our-Lady-of-the-Pillar-in-evening.-Zaragoza-Spain-Adrian-Sediles-Embi-768x576.jpg\" class=\"attachment-medium_large size-medium_large wp-image-349\" alt=\"Vista de la Bas\u00edlica de Nuestra Se\u00f1ora del Pilar en la noche. Zaragoza\" srcset=\"https:\/\/adriansediles.es\/wp-content\/uploads\/2020\/03\/view-of-Basilica-of-Our-Lady-of-the-Pillar-in-evening.-Zaragoza-Spain-Adrian-Sediles-Embi-768x576.jpg 768w, https:\/\/adriansediles.es\/wp-content\/uploads\/2020\/03\/view-of-Basilica-of-Our-Lady-of-the-Pillar-in-evening.-Zaragoza-Spain-Adrian-Sediles-Embi-300x225.jpg 300w, https:\/\/adriansediles.es\/wp-content\/uploads\/2020\/03\/view-of-Basilica-of-Our-Lady-of-the-Pillar-in-evening.-Zaragoza-Spain-Adrian-Sediles-Embi-1024x768.jpg 1024w, https:\/\/adriansediles.es\/wp-content\/uploads\/2020\/03\/view-of-Basilica-of-Our-Lady-of-the-Pillar-in-evening.-Zaragoza-Spain-Adrian-Sediles-Embi-1536x1152.jpg 1536w, https:\/\/adriansediles.es\/wp-content\/uploads\/2020\/03\/view-of-Basilica-of-Our-Lady-of-the-Pillar-in-evening.-Zaragoza-Spain-Adrian-Sediles-Embi-2048x1536.jpg 2048w, https:\/\/adriansediles.es\/wp-content\/uploads\/2020\/03\/view-of-Basilica-of-Our-Lady-of-the-Pillar-in-evening.-Zaragoza-Spain-Adrian-Sediles-Embi-755x566.jpg 755w\" sizes=\"(max-width: 768px) 100vw, 768px\" \/>\t\t\t\t\t\t\t\t<\/a>\n\t\t\t\t\t\t\t\t\t\t\t\t\t\t\t<\/div>\n\t\t\t\t<\/div>\n\t\t\t\t\t<\/div>\n\t\t<\/div>\n\t\t\t\t\t<\/div>\n\t\t<\/section>\n\t\t\t\t<\/div>\n\t\t","protected":false},"excerpt":{"rendered":"","protected":false},"author":1,"featured_media":349,"comment_status":"closed","ping_status":"open","sticky":false,"template":"elementor_header_footer","format":"standard","meta":{"footnotes":""},"categories":[1],"tags":[],"class_list":["post-346","post","type-post","status-publish","format-standard","has-post-thumbnail","hentry","category-uncategorized"],"_links":{"self":[{"href":"https:\/\/adriansediles.es\/index.php?rest_route=\/wp\/v2\/posts\/346","targetHints":{"allow":["GET"]}}],"collection":[{"href":"https:\/\/adriansediles.es\/index.php?rest_route=\/wp\/v2\/posts"}],"about":[{"href":"https:\/\/adriansediles.es\/index.php?rest_route=\/wp\/v2\/types\/post"}],"author":[{"embeddable":true,"href":"https:\/\/adriansediles.es\/index.php?rest_route=\/wp\/v2\/users\/1"}],"replies":[{"embeddable":true,"href":"https:\/\/adriansediles.es\/index.php?rest_route=%2Fwp%2Fv2%2Fcomments&post=346"}],"version-history":[{"count":9,"href":"https:\/\/adriansediles.es\/index.php?rest_route=\/wp\/v2\/posts\/346\/revisions"}],"predecessor-version":[{"id":405,"href":"https:\/\/adriansediles.es\/index.php?rest_route=\/wp\/v2\/posts\/346\/revisions\/405"}],"wp:featuredmedia":[{"embeddable":true,"href":"https:\/\/adriansediles.es\/index.php?rest_route=\/wp\/v2\/media\/349"}],"wp:attachment":[{"href":"https:\/\/adriansediles.es\/index.php?rest_route=%2Fwp%2Fv2%2Fmedia&parent=346"}],"wp:term":[{"taxonomy":"category","embeddable":true,"href":"https:\/\/adriansediles.es\/index.php?rest_route=%2Fwp%2Fv2%2Fcategories&post=346"},{"taxonomy":"post_tag","embeddable":true,"href":"https:\/\/adriansediles.es\/index.php?rest_route=%2Fwp%2Fv2%2Ftags&post=346"}],"curies":[{"name":"wp","href":"https:\/\/api.w.org\/{rel}","templated":true}]}}