{"id":896,"date":"2020-12-29T11:23:59","date_gmt":"2020-12-29T11:23:59","guid":{"rendered":"http:\/\/192.168.1.111\/?p=896"},"modified":"2022-07-07T13:37:19","modified_gmt":"2022-07-07T13:37:19","slug":"parrizal-de-beceite-matarrana","status":"publish","type":"post","link":"https:\/\/adriansediles.es\/?p=896","title":{"rendered":"PARRIZAL DE BECEITE &#8211; MATARRA\u00d1A"},"content":{"rendered":"\t\t<div data-elementor-type=\"wp-post\" data-elementor-id=\"896\" class=\"elementor elementor-896\">\n\t\t\t\t\t\t<section class=\"elementor-section elementor-top-section elementor-element elementor-element-683806d elementor-section-boxed elementor-section-height-default elementor-section-height-default\" data-id=\"683806d\" data-element_type=\"section\" data-e-type=\"section\">\n\t\t\t\t\t\t<div class=\"elementor-container elementor-column-gap-default\">\n\t\t\t\t\t<div class=\"elementor-column elementor-col-100 elementor-top-column elementor-element elementor-element-d43c4cf\" data-id=\"d43c4cf\" data-element_type=\"column\" data-e-type=\"column\">\n\t\t\t<div class=\"elementor-widget-wrap elementor-element-populated\">\n\t\t\t\t\t\t<div class=\"elementor-element elementor-element-3560711 elementor-widget elementor-widget-image\" data-id=\"3560711\" data-element_type=\"widget\" data-e-type=\"widget\" data-widget_type=\"image.default\">\n\t\t\t\t<div class=\"elementor-widget-container\">\n\t\t\t\t\t\t\t\t\t\t\t\t\t\t\t\t<a href=\"http:\/\/192.168.1.111\/wp-content\/uploads\/2020\/12\/Parrizal-de-Beceite-en-el-Matarrana-Adrian-Sediles-Embi-scaled.jpg\" data-elementor-open-lightbox=\"yes\" data-elementor-lightbox-title=\"Parrizal de Beceite en el Matarra\u00f1a - Adrian Sediles Embi\" data-elementor-lightbox-description=\"Fotograf\u00eda realizada en el Parrizal de beceite en la comarca del Matarra\u00f1a en Teruel, Arag\u00f3n.\" data-e-action-hash=\"#elementor-action%3Aaction%3Dlightbox%26settings%3DeyJpZCI6ODk5LCJ1cmwiOiJodHRwczpcL1wvYWRyaWFuc2VkaWxlcy5lc1wvd3AtY29udGVudFwvdXBsb2Fkc1wvMjAyMFwvMTJcL1BhcnJpemFsLWRlLUJlY2VpdGUtZW4tZWwtTWF0YXJyYW5hLUFkcmlhbi1TZWRpbGVzLUVtYmktc2NhbGVkLmpwZyJ9\">\n\t\t\t\t\t\t\t<img fetchpriority=\"high\" decoding=\"async\" width=\"768\" height=\"575\" src=\"https:\/\/adriansediles.es\/wp-content\/uploads\/2020\/12\/Parrizal-de-Beceite-en-el-Matarrana-Adrian-Sediles-Embi-scaled.jpg\" class=\"attachment-medium_large size-medium_large wp-image-899\" alt=\"Parrizal de Beceite en el Matarra\u00f1a - Adrian Sediles Embi\" srcset=\"https:\/\/adriansediles.es\/wp-content\/uploads\/2020\/12\/Parrizal-de-Beceite-en-el-Matarrana-Adrian-Sediles-Embi-scaled.jpg 2560w, https:\/\/adriansediles.es\/wp-content\/uploads\/2020\/12\/Parrizal-de-Beceite-en-el-Matarrana-Adrian-Sediles-Embi-300x225.jpg 300w\" sizes=\"(max-width: 768px) 100vw, 768px\" \/>\t\t\t\t\t\t\t\t<\/a>\n\t\t\t\t\t\t\t\t\t\t\t\t\t\t\t<\/div>\n\t\t\t\t<\/div>\n\t\t\t\t\t<\/div>\n\t\t<\/div>\n\t\t\t\t\t<\/div>\n\t\t<\/section>\n\t\t\t\t<\/div>\n\t\t","protected":false},"excerpt":{"rendered":"","protected":false},"author":1,"featured_media":899,"comment_status":"closed","ping_status":"open","sticky":false,"template":"","format":"standard","meta":{"footnotes":""},"categories":[1],"tags":[],"class_list":["post-896","post","type-post","status-publish","format-standard","has-post-thumbnail","hentry","category-uncategorized"],"_links":{"self":[{"href":"https:\/\/adriansediles.es\/index.php?rest_route=\/wp\/v2\/posts\/896","targetHints":{"allow":["GET"]}}],"collection":[{"href":"https:\/\/adriansediles.es\/index.php?rest_route=\/wp\/v2\/posts"}],"about":[{"href":"https:\/\/adriansediles.es\/index.php?rest_route=\/wp\/v2\/types\/post"}],"author":[{"embeddable":true,"href":"https:\/\/adriansediles.es\/index.php?rest_route=\/wp\/v2\/users\/1"}],"replies":[{"embeddable":true,"href":"https:\/\/adriansediles.es\/index.php?rest_route=%2Fwp%2Fv2%2Fcomments&post=896"}],"version-history":[{"count":5,"href":"https:\/\/adriansediles.es\/index.php?rest_route=\/wp\/v2\/posts\/896\/revisions"}],"predecessor-version":[{"id":903,"href":"https:\/\/adriansediles.es\/index.php?rest_route=\/wp\/v2\/posts\/896\/revisions\/903"}],"wp:featuredmedia":[{"embeddable":true,"href":"https:\/\/adriansediles.es\/index.php?rest_route=\/wp\/v2\/media\/899"}],"wp:attachment":[{"href":"https:\/\/adriansediles.es\/index.php?rest_route=%2Fwp%2Fv2%2Fmedia&parent=896"}],"wp:term":[{"taxonomy":"category","embeddable":true,"href":"https:\/\/adriansediles.es\/index.php?rest_route=%2Fwp%2Fv2%2Fcategories&post=896"},{"taxonomy":"post_tag","embeddable":true,"href":"https:\/\/adriansediles.es\/index.php?rest_route=%2Fwp%2Fv2%2Ftags&post=896"}],"curies":[{"name":"wp","href":"https:\/\/api.w.org\/{rel}","templated":true}]}}