{"id":908,"date":"2021-01-11T06:52:00","date_gmt":"2021-01-11T06:52:00","guid":{"rendered":"http:\/\/192.168.1.111\/?p=908"},"modified":"2022-07-07T13:37:19","modified_gmt":"2022-07-07T13:37:19","slug":"zaragoza-con-nieve-tras-filomena","status":"publish","type":"post","link":"https:\/\/adriansediles.es\/?p=908","title":{"rendered":"ZARAGOZA CON NIEVE TRAS FILOMENA"},"content":{"rendered":"\t\t<div data-elementor-type=\"wp-post\" data-elementor-id=\"908\" class=\"elementor elementor-908\">\n\t\t\t\t\t\t<section class=\"elementor-section elementor-top-section elementor-element elementor-element-8b496e8 elementor-section-boxed elementor-section-height-default elementor-section-height-default\" data-id=\"8b496e8\" data-element_type=\"section\" data-e-type=\"section\">\n\t\t\t\t\t\t<div class=\"elementor-container elementor-column-gap-default\">\n\t\t\t\t\t<div class=\"elementor-column elementor-col-100 elementor-top-column elementor-element elementor-element-28bfa91\" data-id=\"28bfa91\" data-element_type=\"column\" data-e-type=\"column\">\n\t\t\t<div class=\"elementor-widget-wrap elementor-element-populated\">\n\t\t\t\t\t\t<div class=\"elementor-element elementor-element-6601418 elementor-widget elementor-widget-image\" data-id=\"6601418\" data-element_type=\"widget\" data-e-type=\"widget\" data-widget_type=\"image.default\">\n\t\t\t\t<div class=\"elementor-widget-container\">\n\t\t\t\t\t\t\t\t\t\t\t\t\t\t\t\t<a href=\"http:\/\/192.168.1.111\/wp-content\/uploads\/2021\/01\/Nieve-en-Zaragoza-tras-borrasca-Filomena-Adrian-Sediles-Embi-scaled.jpg\" data-elementor-open-lightbox=\"yes\" data-elementor-lightbox-title=\"Nieve en Zaragoza tras borrasca Filomena - Adrian Sediles Embi\" data-elementor-lightbox-description=\"Fotograf\u00eda a\u00e9rea de Zaragoza cubierta por la nieve tras el paso de la borrasca Filomena por Espa\u00f1a, realizada por Adrian Sediles Embi.\" data-e-action-hash=\"#elementor-action%3Aaction%3Dlightbox%26settings%3DeyJpZCI6OTEyLCJ1cmwiOiJodHRwczpcL1wvYWRyaWFuc2VkaWxlcy5lc1wvd3AtY29udGVudFwvdXBsb2Fkc1wvMjAyMVwvMDFcL05pZXZlLWVuLVphcmFnb3phLXRyYXMtYm9ycmFzY2EtRmlsb21lbmEtQWRyaWFuLVNlZGlsZXMtRW1iaS1zY2FsZWQuanBnIn0%3D\">\n\t\t\t\t\t\t\t<img fetchpriority=\"high\" decoding=\"async\" width=\"768\" height=\"575\" src=\"https:\/\/adriansediles.es\/wp-content\/uploads\/2021\/01\/Nieve-en-Zaragoza-tras-borrasca-Filomena-Adrian-Sediles-Embi-scaled.jpg\" class=\"attachment-medium_large size-medium_large wp-image-912\" alt=\"Basilica del Pilar nevada en Zaragoza - Adrian Sediles Embi\" srcset=\"https:\/\/adriansediles.es\/wp-content\/uploads\/2021\/01\/Nieve-en-Zaragoza-tras-borrasca-Filomena-Adrian-Sediles-Embi-scaled.jpg 2560w, https:\/\/adriansediles.es\/wp-content\/uploads\/2021\/01\/Nieve-en-Zaragoza-tras-borrasca-Filomena-Adrian-Sediles-Embi-300x225.jpg 300w\" sizes=\"(max-width: 768px) 100vw, 768px\" \/>\t\t\t\t\t\t\t\t<\/a>\n\t\t\t\t\t\t\t\t\t\t\t\t\t\t\t<\/div>\n\t\t\t\t<\/div>\n\t\t\t\t\t<\/div>\n\t\t<\/div>\n\t\t\t\t\t<\/div>\n\t\t<\/section>\n\t\t\t\t<\/div>\n\t\t","protected":false},"excerpt":{"rendered":"","protected":false},"author":1,"featured_media":912,"comment_status":"closed","ping_status":"open","sticky":false,"template":"","format":"standard","meta":{"footnotes":""},"categories":[1],"tags":[],"class_list":["post-908","post","type-post","status-publish","format-standard","has-post-thumbnail","hentry","category-uncategorized"],"_links":{"self":[{"href":"https:\/\/adriansediles.es\/index.php?rest_route=\/wp\/v2\/posts\/908","targetHints":{"allow":["GET"]}}],"collection":[{"href":"https:\/\/adriansediles.es\/index.php?rest_route=\/wp\/v2\/posts"}],"about":[{"href":"https:\/\/adriansediles.es\/index.php?rest_route=\/wp\/v2\/types\/post"}],"author":[{"embeddable":true,"href":"https:\/\/adriansediles.es\/index.php?rest_route=\/wp\/v2\/users\/1"}],"replies":[{"embeddable":true,"href":"https:\/\/adriansediles.es\/index.php?rest_route=%2Fwp%2Fv2%2Fcomments&post=908"}],"version-history":[{"count":5,"href":"https:\/\/adriansediles.es\/index.php?rest_route=\/wp\/v2\/posts\/908\/revisions"}],"predecessor-version":[{"id":921,"href":"https:\/\/adriansediles.es\/index.php?rest_route=\/wp\/v2\/posts\/908\/revisions\/921"}],"wp:featuredmedia":[{"embeddable":true,"href":"https:\/\/adriansediles.es\/index.php?rest_route=\/wp\/v2\/media\/912"}],"wp:attachment":[{"href":"https:\/\/adriansediles.es\/index.php?rest_route=%2Fwp%2Fv2%2Fmedia&parent=908"}],"wp:term":[{"taxonomy":"category","embeddable":true,"href":"https:\/\/adriansediles.es\/index.php?rest_route=%2Fwp%2Fv2%2Fcategories&post=908"},{"taxonomy":"post_tag","embeddable":true,"href":"https:\/\/adriansediles.es\/index.php?rest_route=%2Fwp%2Fv2%2Ftags&post=908"}],"curies":[{"name":"wp","href":"https:\/\/api.w.org\/{rel}","templated":true}]}}