{"id":910,"date":"2021-01-11T06:52:17","date_gmt":"2021-01-11T06:52:17","guid":{"rendered":"http:\/\/192.168.1.111\/?p=910"},"modified":"2022-07-07T13:37:19","modified_gmt":"2022-07-07T13:37:19","slug":"basilica-del-pilar-nevada-zaragoza","status":"publish","type":"post","link":"https:\/\/adriansediles.es\/?p=910","title":{"rendered":"BASILICA DEL PILAR NEVADA &#8211; ZARAGOZA"},"content":{"rendered":"\t\t<div data-elementor-type=\"wp-post\" data-elementor-id=\"910\" class=\"elementor elementor-910\">\n\t\t\t\t\t\t<section class=\"elementor-section elementor-top-section elementor-element elementor-element-0113d99 elementor-section-boxed elementor-section-height-default elementor-section-height-default\" data-id=\"0113d99\" data-element_type=\"section\" data-e-type=\"section\">\n\t\t\t\t\t\t<div class=\"elementor-container elementor-column-gap-default\">\n\t\t\t\t\t<div class=\"elementor-column elementor-col-100 elementor-top-column elementor-element elementor-element-d698b4d\" data-id=\"d698b4d\" data-element_type=\"column\" data-e-type=\"column\">\n\t\t\t<div class=\"elementor-widget-wrap elementor-element-populated\">\n\t\t\t\t\t\t<div class=\"elementor-element elementor-element-dc46b81 elementor-widget elementor-widget-image\" data-id=\"dc46b81\" data-element_type=\"widget\" data-e-type=\"widget\" data-widget_type=\"image.default\">\n\t\t\t\t<div class=\"elementor-widget-container\">\n\t\t\t\t\t\t\t\t\t\t\t\t\t\t\t\t<a href=\"http:\/\/192.168.1.111\/wp-content\/uploads\/2021\/01\/Nieve-en-Zaragoza-tras-borrasca-Filomena-Adrian-Sediles-Embi-1-scaled.jpg\" data-elementor-open-lightbox=\"yes\" data-elementor-lightbox-title=\"Nieve en Zaragoza tras borrasca Filomena - Adrian Sediles Embi\" data-elementor-lightbox-description=\"Fotograf\u00eda a\u00e9rea de Zaragoza cubierta por la nieve tras el paso de la borrasca Filomena por Espa\u00f1a, realizada por Adrian Sediles Embi.\" data-e-action-hash=\"#elementor-action%3Aaction%3Dlightbox%26settings%3DeyJpZCI6OTEzLCJ1cmwiOiJodHRwczpcL1wvYWRyaWFuc2VkaWxlcy5lc1wvd3AtY29udGVudFwvdXBsb2Fkc1wvMjAyMVwvMDFcL05pZXZlLWVuLVphcmFnb3phLXRyYXMtYm9ycmFzY2EtRmlsb21lbmEtQWRyaWFuLVNlZGlsZXMtRW1iaS0xLXNjYWxlZC5qcGcifQ%3D%3D\">\n\t\t\t\t\t\t\t<img fetchpriority=\"high\" decoding=\"async\" width=\"768\" height=\"575\" src=\"https:\/\/adriansediles.es\/wp-content\/uploads\/2021\/01\/Nieve-en-Zaragoza-tras-borrasca-Filomena-Adrian-Sediles-Embi-1-scaled.jpg\" class=\"attachment-medium_large size-medium_large wp-image-913\" alt=\"Nieve en Zaragoza - Adrian Sediles Embi\" srcset=\"https:\/\/adriansediles.es\/wp-content\/uploads\/2021\/01\/Nieve-en-Zaragoza-tras-borrasca-Filomena-Adrian-Sediles-Embi-1-scaled.jpg 2560w, https:\/\/adriansediles.es\/wp-content\/uploads\/2021\/01\/Nieve-en-Zaragoza-tras-borrasca-Filomena-Adrian-Sediles-Embi-1-300x225.jpg 300w\" sizes=\"(max-width: 768px) 100vw, 768px\" \/>\t\t\t\t\t\t\t\t<\/a>\n\t\t\t\t\t\t\t\t\t\t\t\t\t\t\t<\/div>\n\t\t\t\t<\/div>\n\t\t\t\t\t<\/div>\n\t\t<\/div>\n\t\t\t\t\t<\/div>\n\t\t<\/section>\n\t\t\t\t<\/div>\n\t\t","protected":false},"excerpt":{"rendered":"","protected":false},"author":1,"featured_media":913,"comment_status":"closed","ping_status":"open","sticky":false,"template":"","format":"standard","meta":{"footnotes":""},"categories":[1],"tags":[],"class_list":["post-910","post","type-post","status-publish","format-standard","has-post-thumbnail","hentry","category-uncategorized"],"_links":{"self":[{"href":"https:\/\/adriansediles.es\/index.php?rest_route=\/wp\/v2\/posts\/910","targetHints":{"allow":["GET"]}}],"collection":[{"href":"https:\/\/adriansediles.es\/index.php?rest_route=\/wp\/v2\/posts"}],"about":[{"href":"https:\/\/adriansediles.es\/index.php?rest_route=\/wp\/v2\/types\/post"}],"author":[{"embeddable":true,"href":"https:\/\/adriansediles.es\/index.php?rest_route=\/wp\/v2\/users\/1"}],"replies":[{"embeddable":true,"href":"https:\/\/adriansediles.es\/index.php?rest_route=%2Fwp%2Fv2%2Fcomments&post=910"}],"version-history":[{"count":5,"href":"https:\/\/adriansediles.es\/index.php?rest_route=\/wp\/v2\/posts\/910\/revisions"}],"predecessor-version":[{"id":922,"href":"https:\/\/adriansediles.es\/index.php?rest_route=\/wp\/v2\/posts\/910\/revisions\/922"}],"wp:featuredmedia":[{"embeddable":true,"href":"https:\/\/adriansediles.es\/index.php?rest_route=\/wp\/v2\/media\/913"}],"wp:attachment":[{"href":"https:\/\/adriansediles.es\/index.php?rest_route=%2Fwp%2Fv2%2Fmedia&parent=910"}],"wp:term":[{"taxonomy":"category","embeddable":true,"href":"https:\/\/adriansediles.es\/index.php?rest_route=%2Fwp%2Fv2%2Fcategories&post=910"},{"taxonomy":"post_tag","embeddable":true,"href":"https:\/\/adriansediles.es\/index.php?rest_route=%2Fwp%2Fv2%2Ftags&post=910"}],"curies":[{"name":"wp","href":"https:\/\/api.w.org\/{rel}","templated":true}]}}