{"id":955,"date":"2021-05-24T05:14:31","date_gmt":"2021-05-24T05:14:31","guid":{"rendered":"http:\/\/192.168.1.111\/?p=955"},"modified":"2022-07-07T13:37:03","modified_gmt":"2022-07-07T13:37:03","slug":"vistas-pico-sancha-collons-2697-valle-de-tena","status":"publish","type":"post","link":"https:\/\/adriansediles.es\/?p=955","title":{"rendered":"VISTAS PICO SANCHA COLLONS (2697) &#8211; VALLE DE TENA"},"content":{"rendered":"\t\t<div data-elementor-type=\"wp-post\" data-elementor-id=\"955\" class=\"elementor elementor-955\">\n\t\t\t\t\t\t<section class=\"elementor-section elementor-top-section elementor-element elementor-element-62f2b54 elementor-section-boxed elementor-section-height-default elementor-section-height-default\" data-id=\"62f2b54\" data-element_type=\"section\" data-e-type=\"section\">\n\t\t\t\t\t\t<div class=\"elementor-container elementor-column-gap-default\">\n\t\t\t\t\t<div class=\"elementor-column elementor-col-100 elementor-top-column elementor-element elementor-element-37f977e\" data-id=\"37f977e\" data-element_type=\"column\" data-e-type=\"column\">\n\t\t\t<div class=\"elementor-widget-wrap elementor-element-populated\">\n\t\t\t\t\t\t<div class=\"elementor-element elementor-element-945a598 elementor-widget elementor-widget-image\" data-id=\"945a598\" data-element_type=\"widget\" data-e-type=\"widget\" data-widget_type=\"image.default\">\n\t\t\t\t<div class=\"elementor-widget-container\">\n\t\t\t\t\t\t\t\t\t\t\t\t\t\t\t\t<a href=\"http:\/\/192.168.1.111\/wp-content\/uploads\/2021\/05\/Vistas-de-Sancha-Collons-desde-el-pico-Musales-en-el-Valle-de-Tena-Adrian-Sediles-Embi-scaled.jpg\" data-elementor-open-lightbox=\"yes\" data-elementor-lightbox-title=\"Vistas de Sancha Collons desde el pico Musales en el Valle de Te\" data-elementor-lightbox-description=\"Fotograf\u00eda de las vistas del Pico Sancha Collons (2697m) desde el Pico Musales (2654) junto a Sallent de G\u00e1llego, cubiertos por la nieve, fotograf\u00eda realizada por Adrian Sediles Embi\" data-e-action-hash=\"#elementor-action%3Aaction%3Dlightbox%26settings%3DeyJpZCI6OTU3LCJ1cmwiOiJodHRwczpcL1wvYWRyaWFuc2VkaWxlcy5lc1wvd3AtY29udGVudFwvdXBsb2Fkc1wvMjAyMVwvMDVcL1Zpc3Rhcy1kZS1TYW5jaGEtQ29sbG9ucy1kZXNkZS1lbC1waWNvLU11c2FsZXMtZW4tZWwtVmFsbGUtZGUtVGVuYS1BZHJpYW4tU2VkaWxlcy1FbWJpLXNjYWxlZC5qcGcifQ%3D%3D\">\n\t\t\t\t\t\t\t<img fetchpriority=\"high\" decoding=\"async\" width=\"768\" height=\"512\" src=\"https:\/\/adriansediles.es\/wp-content\/uploads\/2021\/05\/Vistas-de-Sancha-Collons-desde-el-pico-Musales-en-el-Valle-de-Tena-Adrian-Sediles-Embi-768x512.jpg\" class=\"attachment-medium_large size-medium_large wp-image-957\" alt=\"Vistas de Sancha Collons desde el pico Musales en el Valle de Te\" srcset=\"https:\/\/adriansediles.es\/wp-content\/uploads\/2021\/05\/Vistas-de-Sancha-Collons-desde-el-pico-Musales-en-el-Valle-de-Tena-Adrian-Sediles-Embi-768x512.jpg 768w, https:\/\/adriansediles.es\/wp-content\/uploads\/2021\/05\/Vistas-de-Sancha-Collons-desde-el-pico-Musales-en-el-Valle-de-Tena-Adrian-Sediles-Embi-300x200.jpg 300w, https:\/\/adriansediles.es\/wp-content\/uploads\/2021\/05\/Vistas-de-Sancha-Collons-desde-el-pico-Musales-en-el-Valle-de-Tena-Adrian-Sediles-Embi-1024x683.jpg 1024w, https:\/\/adriansediles.es\/wp-content\/uploads\/2021\/05\/Vistas-de-Sancha-Collons-desde-el-pico-Musales-en-el-Valle-de-Tena-Adrian-Sediles-Embi-1536x1025.jpg 1536w, https:\/\/adriansediles.es\/wp-content\/uploads\/2021\/05\/Vistas-de-Sancha-Collons-desde-el-pico-Musales-en-el-Valle-de-Tena-Adrian-Sediles-Embi-2048x1366.jpg 2048w, https:\/\/adriansediles.es\/wp-content\/uploads\/2021\/05\/Vistas-de-Sancha-Collons-desde-el-pico-Musales-en-el-Valle-de-Tena-Adrian-Sediles-Embi-666x444.jpg 666w\" sizes=\"(max-width: 768px) 100vw, 768px\" \/>\t\t\t\t\t\t\t\t<\/a>\n\t\t\t\t\t\t\t\t\t\t\t\t\t\t\t<\/div>\n\t\t\t\t<\/div>\n\t\t\t\t\t<\/div>\n\t\t<\/div>\n\t\t\t\t\t<\/div>\n\t\t<\/section>\n\t\t\t\t<\/div>\n\t\t","protected":false},"excerpt":{"rendered":"","protected":false},"author":1,"featured_media":957,"comment_status":"closed","ping_status":"open","sticky":false,"template":"","format":"standard","meta":{"footnotes":""},"categories":[1],"tags":[],"class_list":["post-955","post","type-post","status-publish","format-standard","has-post-thumbnail","hentry","category-uncategorized"],"_links":{"self":[{"href":"https:\/\/adriansediles.es\/index.php?rest_route=\/wp\/v2\/posts\/955","targetHints":{"allow":["GET"]}}],"collection":[{"href":"https:\/\/adriansediles.es\/index.php?rest_route=\/wp\/v2\/posts"}],"about":[{"href":"https:\/\/adriansediles.es\/index.php?rest_route=\/wp\/v2\/types\/post"}],"author":[{"embeddable":true,"href":"https:\/\/adriansediles.es\/index.php?rest_route=\/wp\/v2\/users\/1"}],"replies":[{"embeddable":true,"href":"https:\/\/adriansediles.es\/index.php?rest_route=%2Fwp%2Fv2%2Fcomments&post=955"}],"version-history":[{"count":5,"href":"https:\/\/adriansediles.es\/index.php?rest_route=\/wp\/v2\/posts\/955\/revisions"}],"predecessor-version":[{"id":962,"href":"https:\/\/adriansediles.es\/index.php?rest_route=\/wp\/v2\/posts\/955\/revisions\/962"}],"wp:featuredmedia":[{"embeddable":true,"href":"https:\/\/adriansediles.es\/index.php?rest_route=\/wp\/v2\/media\/957"}],"wp:attachment":[{"href":"https:\/\/adriansediles.es\/index.php?rest_route=%2Fwp%2Fv2%2Fmedia&parent=955"}],"wp:term":[{"taxonomy":"category","embeddable":true,"href":"https:\/\/adriansediles.es\/index.php?rest_route=%2Fwp%2Fv2%2Fcategories&post=955"},{"taxonomy":"post_tag","embeddable":true,"href":"https:\/\/adriansediles.es\/index.php?rest_route=%2Fwp%2Fv2%2Ftags&post=955"}],"curies":[{"name":"wp","href":"https:\/\/api.w.org\/{rel}","templated":true}]}}