{"id":968,"date":"2021-06-08T05:28:04","date_gmt":"2021-06-08T05:28:04","guid":{"rendered":"http:\/\/192.168.1.111\/?p=968"},"modified":"2022-07-07T13:37:03","modified_gmt":"2022-07-07T13:37:03","slug":"salto-de-roldan-huesca","status":"publish","type":"post","link":"https:\/\/adriansediles.es\/?p=968","title":{"rendered":"SALTO DE ROLD\u00c1N &#8211; HUESCA"},"content":{"rendered":"\t\t<div data-elementor-type=\"wp-post\" data-elementor-id=\"968\" class=\"elementor elementor-968\">\n\t\t\t\t\t\t<section class=\"elementor-section elementor-top-section elementor-element elementor-element-0d8b69c elementor-section-boxed elementor-section-height-default elementor-section-height-default\" data-id=\"0d8b69c\" data-element_type=\"section\" data-e-type=\"section\">\n\t\t\t\t\t\t<div class=\"elementor-container elementor-column-gap-default\">\n\t\t\t\t\t<div class=\"elementor-column elementor-col-100 elementor-top-column elementor-element elementor-element-feda1ef\" data-id=\"feda1ef\" data-element_type=\"column\" data-e-type=\"column\">\n\t\t\t<div class=\"elementor-widget-wrap elementor-element-populated\">\n\t\t\t\t\t\t<div class=\"elementor-element elementor-element-a7ae0ca elementor-widget elementor-widget-image\" data-id=\"a7ae0ca\" data-element_type=\"widget\" data-e-type=\"widget\" data-widget_type=\"image.default\">\n\t\t\t\t<div class=\"elementor-widget-container\">\n\t\t\t\t\t\t\t\t\t\t\t\t\t\t\t\t<a href=\"http:\/\/192.168.1.111\/wp-content\/uploads\/2021\/06\/Salto-de-Roldan-en-Huesca-Adrian-Sediles-Embi-scaled.jpg\" data-elementor-open-lightbox=\"yes\" data-elementor-lightbox-title=\"Salto de Rold\u00e1n en Huesca - Adrian Sediles Embi\" data-elementor-lightbox-description=\"Fotograf\u00eda a\u00e9rea del amanecer desde el Salto de Rold\u00e1n a las puertas del Parque Natural de la Sierra y Ca\u00f1ones de Guara, realizada por Adri\u00e1n Sediles Embi.\" data-e-action-hash=\"#elementor-action%3Aaction%3Dlightbox%26settings%3DeyJpZCI6OTcwLCJ1cmwiOiJodHRwczpcL1wvYWRyaWFuc2VkaWxlcy5lc1wvd3AtY29udGVudFwvdXBsb2Fkc1wvMjAyMVwvMDZcL1NhbHRvLWRlLVJvbGRhbi1lbi1IdWVzY2EtQWRyaWFuLVNlZGlsZXMtRW1iaS1zY2FsZWQuanBnIn0%3D\">\n\t\t\t\t\t\t\t<img fetchpriority=\"high\" decoding=\"async\" width=\"768\" height=\"575\" src=\"https:\/\/adriansediles.es\/wp-content\/uploads\/2021\/06\/Salto-de-Roldan-en-Huesca-Adrian-Sediles-Embi-768x575.jpg\" class=\"attachment-medium_large size-medium_large wp-image-970\" alt=\"Salto de Rold\u00e1n en Huesca - Adrian Sediles Embi\" srcset=\"https:\/\/adriansediles.es\/wp-content\/uploads\/2021\/06\/Salto-de-Roldan-en-Huesca-Adrian-Sediles-Embi-768x575.jpg 768w, https:\/\/adriansediles.es\/wp-content\/uploads\/2021\/06\/Salto-de-Roldan-en-Huesca-Adrian-Sediles-Embi-300x225.jpg 300w, https:\/\/adriansediles.es\/wp-content\/uploads\/2021\/06\/Salto-de-Roldan-en-Huesca-Adrian-Sediles-Embi-1024x767.jpg 1024w, https:\/\/adriansediles.es\/wp-content\/uploads\/2021\/06\/Salto-de-Roldan-en-Huesca-Adrian-Sediles-Embi-1536x1150.jpg 1536w, https:\/\/adriansediles.es\/wp-content\/uploads\/2021\/06\/Salto-de-Roldan-en-Huesca-Adrian-Sediles-Embi-2048x1534.jpg 2048w, https:\/\/adriansediles.es\/wp-content\/uploads\/2021\/06\/Salto-de-Roldan-en-Huesca-Adrian-Sediles-Embi-755x566.jpg 755w\" sizes=\"(max-width: 768px) 100vw, 768px\" \/>\t\t\t\t\t\t\t\t<\/a>\n\t\t\t\t\t\t\t\t\t\t\t\t\t\t\t<\/div>\n\t\t\t\t<\/div>\n\t\t\t\t\t<\/div>\n\t\t<\/div>\n\t\t\t\t\t<\/div>\n\t\t<\/section>\n\t\t\t\t<\/div>\n\t\t","protected":false},"excerpt":{"rendered":"","protected":false},"author":1,"featured_media":970,"comment_status":"closed","ping_status":"open","sticky":false,"template":"","format":"standard","meta":{"footnotes":""},"categories":[1],"tags":[],"class_list":["post-968","post","type-post","status-publish","format-standard","has-post-thumbnail","hentry","category-uncategorized"],"_links":{"self":[{"href":"https:\/\/adriansediles.es\/index.php?rest_route=\/wp\/v2\/posts\/968","targetHints":{"allow":["GET"]}}],"collection":[{"href":"https:\/\/adriansediles.es\/index.php?rest_route=\/wp\/v2\/posts"}],"about":[{"href":"https:\/\/adriansediles.es\/index.php?rest_route=\/wp\/v2\/types\/post"}],"author":[{"embeddable":true,"href":"https:\/\/adriansediles.es\/index.php?rest_route=\/wp\/v2\/users\/1"}],"replies":[{"embeddable":true,"href":"https:\/\/adriansediles.es\/index.php?rest_route=%2Fwp%2Fv2%2Fcomments&post=968"}],"version-history":[{"count":5,"href":"https:\/\/adriansediles.es\/index.php?rest_route=\/wp\/v2\/posts\/968\/revisions"}],"predecessor-version":[{"id":974,"href":"https:\/\/adriansediles.es\/index.php?rest_route=\/wp\/v2\/posts\/968\/revisions\/974"}],"wp:featuredmedia":[{"embeddable":true,"href":"https:\/\/adriansediles.es\/index.php?rest_route=\/wp\/v2\/media\/970"}],"wp:attachment":[{"href":"https:\/\/adriansediles.es\/index.php?rest_route=%2Fwp%2Fv2%2Fmedia&parent=968"}],"wp:term":[{"taxonomy":"category","embeddable":true,"href":"https:\/\/adriansediles.es\/index.php?rest_route=%2Fwp%2Fv2%2Fcategories&post=968"},{"taxonomy":"post_tag","embeddable":true,"href":"https:\/\/adriansediles.es\/index.php?rest_route=%2Fwp%2Fv2%2Ftags&post=968"}],"curies":[{"name":"wp","href":"https:\/\/api.w.org\/{rel}","templated":true}]}}