{"id":990,"date":"2021-07-05T05:51:52","date_gmt":"2021-07-05T05:51:52","guid":{"rendered":"http:\/\/192.168.1.111\/?p=990"},"modified":"2022-07-07T13:37:03","modified_gmt":"2022-07-07T13:37:03","slug":"barranco-de-iguer-valle-de-aisa","status":"publish","type":"post","link":"https:\/\/adriansediles.es\/?p=990","title":{"rendered":"BARRANCO DE IG\u00dcER &#8211; VALLE DE AISA"},"content":{"rendered":"\t\t<div data-elementor-type=\"wp-post\" data-elementor-id=\"990\" class=\"elementor elementor-990\">\n\t\t\t\t\t\t<section class=\"elementor-section elementor-top-section elementor-element elementor-element-ab0ebd4 elementor-section-boxed elementor-section-height-default elementor-section-height-default\" data-id=\"ab0ebd4\" data-element_type=\"section\" data-e-type=\"section\">\n\t\t\t\t\t\t<div class=\"elementor-container elementor-column-gap-default\">\n\t\t\t\t\t<div class=\"elementor-column elementor-col-100 elementor-top-column elementor-element elementor-element-6aa693e\" data-id=\"6aa693e\" data-element_type=\"column\" data-e-type=\"column\">\n\t\t\t<div class=\"elementor-widget-wrap elementor-element-populated\">\n\t\t\t\t\t\t<div class=\"elementor-element elementor-element-fdf0827 elementor-widget elementor-widget-image\" data-id=\"fdf0827\" data-element_type=\"widget\" data-e-type=\"widget\" data-widget_type=\"image.default\">\n\t\t\t\t<div class=\"elementor-widget-container\">\n\t\t\t\t\t\t\t\t\t\t\t\t\t\t\t\t<a href=\"http:\/\/192.168.1.111\/wp-content\/uploads\/2021\/07\/Barranco-de-Iguer-en-el-Valle-de-Aisa-Adrian-Sediles-Embi-scaled.jpg\" data-elementor-open-lightbox=\"yes\" data-elementor-lightbox-title=\"Barranco de Ig\u00fcer en el Valle de Aisa- Adrian Sediles Embi\" data-elementor-lightbox-description=\"Fotograf\u00eda del barranco de Ig\u00fcer con la surgencia del Rig\u00fcelo, se pueden ver algunos picos al fondo como el Aspe, Llena de la Garganta, Llena del bozo, Pico Lecherin, Mallos de Lecherines y el Mallo de Rig\u00fcelo, realizada por el fot\u00f3grafo Adrian Sediles Embi.\n\" data-e-action-hash=\"#elementor-action%3Aaction%3Dlightbox%26settings%3DeyJpZCI6OTkyLCJ1cmwiOiJodHRwczpcL1wvYWRyaWFuc2VkaWxlcy5lc1wvd3AtY29udGVudFwvdXBsb2Fkc1wvMjAyMVwvMDdcL0JhcnJhbmNvLWRlLUlndWVyLWVuLWVsLVZhbGxlLWRlLUFpc2EtQWRyaWFuLVNlZGlsZXMtRW1iaS1zY2FsZWQuanBnIn0%3D\">\n\t\t\t\t\t\t\t<img fetchpriority=\"high\" decoding=\"async\" width=\"768\" height=\"576\" src=\"https:\/\/adriansediles.es\/wp-content\/uploads\/2021\/07\/Barranco-de-Iguer-en-el-Valle-de-Aisa-Adrian-Sediles-Embi-768x576.jpg\" class=\"attachment-medium_large size-medium_large wp-image-992\" alt=\"Barranco de Ig\u00fcer en el Valle de Aisa- Adrian Sediles Embi\" srcset=\"https:\/\/adriansediles.es\/wp-content\/uploads\/2021\/07\/Barranco-de-Iguer-en-el-Valle-de-Aisa-Adrian-Sediles-Embi-768x576.jpg 768w, https:\/\/adriansediles.es\/wp-content\/uploads\/2021\/07\/Barranco-de-Iguer-en-el-Valle-de-Aisa-Adrian-Sediles-Embi-300x225.jpg 300w, https:\/\/adriansediles.es\/wp-content\/uploads\/2021\/07\/Barranco-de-Iguer-en-el-Valle-de-Aisa-Adrian-Sediles-Embi-1024x768.jpg 1024w, https:\/\/adriansediles.es\/wp-content\/uploads\/2021\/07\/Barranco-de-Iguer-en-el-Valle-de-Aisa-Adrian-Sediles-Embi-1536x1152.jpg 1536w, https:\/\/adriansediles.es\/wp-content\/uploads\/2021\/07\/Barranco-de-Iguer-en-el-Valle-de-Aisa-Adrian-Sediles-Embi-2048x1536.jpg 2048w, https:\/\/adriansediles.es\/wp-content\/uploads\/2021\/07\/Barranco-de-Iguer-en-el-Valle-de-Aisa-Adrian-Sediles-Embi-755x566.jpg 755w\" sizes=\"(max-width: 768px) 100vw, 768px\" \/>\t\t\t\t\t\t\t\t<\/a>\n\t\t\t\t\t\t\t\t\t\t\t\t\t\t\t<\/div>\n\t\t\t\t<\/div>\n\t\t\t\t\t<\/div>\n\t\t<\/div>\n\t\t\t\t\t<\/div>\n\t\t<\/section>\n\t\t\t\t<\/div>\n\t\t","protected":false},"excerpt":{"rendered":"","protected":false},"author":1,"featured_media":992,"comment_status":"closed","ping_status":"open","sticky":false,"template":"","format":"standard","meta":{"footnotes":""},"categories":[1],"tags":[],"class_list":["post-990","post","type-post","status-publish","format-standard","has-post-thumbnail","hentry","category-uncategorized"],"_links":{"self":[{"href":"https:\/\/adriansediles.es\/index.php?rest_route=\/wp\/v2\/posts\/990","targetHints":{"allow":["GET"]}}],"collection":[{"href":"https:\/\/adriansediles.es\/index.php?rest_route=\/wp\/v2\/posts"}],"about":[{"href":"https:\/\/adriansediles.es\/index.php?rest_route=\/wp\/v2\/types\/post"}],"author":[{"embeddable":true,"href":"https:\/\/adriansediles.es\/index.php?rest_route=\/wp\/v2\/users\/1"}],"replies":[{"embeddable":true,"href":"https:\/\/adriansediles.es\/index.php?rest_route=%2Fwp%2Fv2%2Fcomments&post=990"}],"version-history":[{"count":5,"href":"https:\/\/adriansediles.es\/index.php?rest_route=\/wp\/v2\/posts\/990\/revisions"}],"predecessor-version":[{"id":996,"href":"https:\/\/adriansediles.es\/index.php?rest_route=\/wp\/v2\/posts\/990\/revisions\/996"}],"wp:featuredmedia":[{"embeddable":true,"href":"https:\/\/adriansediles.es\/index.php?rest_route=\/wp\/v2\/media\/992"}],"wp:attachment":[{"href":"https:\/\/adriansediles.es\/index.php?rest_route=%2Fwp%2Fv2%2Fmedia&parent=990"}],"wp:term":[{"taxonomy":"category","embeddable":true,"href":"https:\/\/adriansediles.es\/index.php?rest_route=%2Fwp%2Fv2%2Fcategories&post=990"},{"taxonomy":"post_tag","embeddable":true,"href":"https:\/\/adriansediles.es\/index.php?rest_route=%2Fwp%2Fv2%2Ftags&post=990"}],"curies":[{"name":"wp","href":"https:\/\/api.w.org\/{rel}","templated":true}]}}